{"id":4625,"date":"2025-02-23T19:40:00","date_gmt":"2025-02-23T18:40:00","guid":{"rendered":"https:\/\/nsv-ski.de\/?p=4625"},"modified":"2025-02-23T19:50:21","modified_gmt":"2025-02-23T18:50:21","slug":"wsv-braunlage-viele-vereinsmeister-am-wurmberg","status":"publish","type":"post","link":"https:\/\/nsv-ski.de\/?p=4625","title":{"rendered":"WSV Braunlage: Viele Vereinsmeister am Wurmberg"},"content":{"rendered":"\n<p>Am Donnerstag, den 20.02.2025 veranstaltete der Wintersportverein Braunlage eine Vereinsmeisterschaft auf dem Hexenritt. Bei besten Pistenverh\u00e4ltnissen steckten die Trainer einen Kurs mit wechselnden Radien. Bei der Kursbesichtigung zeigten die erfahrenen Rennl\u00e4ufer wie Charlotte Hansmann und Justus Horlacher den \u201eKleinen\u201c, wie sie am schnellsten um die Kippstangen fahren und erkl\u00e4rten ihnen die Vertikale.&nbsp;<\/p>\n\n\n\n<p>Einige Kinder haben erst in diesem Winter mit dem Skifahren begonnen und waren sichtlich aufgeregt vor dem Rennen.<\/p>\n\n\n\n<p>In zwei Durchg\u00e4ngen ging es nat\u00fcrlich um die schnellsten Zeiten. Durch die gro\u00dfen Altersunterschiede wurden viele Vereinsmeister ermittelt:<\/p>\n\n\n\n<p><strong>M\u00e4dchen U6<\/strong><br>1. Lotta Thiele<\/p>\n\n\n\n<p><strong>M\u00e4dchen U8<\/strong><br>1. Frieda Thiele<br>2. Amelie Bamberger<br>3. Elli Carl\u00a0\u00a0\u00a0\u00a0\u00a0\u00a0\u00a0\u00a0\u00a0\u00a0\u00a0\u00a0\u00a0\u00a0<\/p>\n\n\n\n<p><strong>Jungen U8<\/strong><br>1. Theo Wagner<br>2. Bjarne Beckmann<br>3. Lasse Bliemeister\u00a0\u00a0\u00a0\u00a0\u00a0\u00a0\u00a0\u00a0\u00a0\u00a0<\/p>\n\n\n\n<p><strong>M\u00e4dchen U10<\/strong><br>1. Franziska Gl\u00f6ckler<br>2. Jolien Adam<br>3. Charlotte Grubauer\u00a0\u00a0\u00a0\u00a0\u00a0\u00a0\u00a0\u00a0\u00a0\u00a0\u00a0\u00a0\u00a0\u00a0\u00a0\u00a0\u00a0\u00a0\u00a0<\/p>\n\n\n\n<p><strong>Jungen U10<\/strong><br>1. Jonte Lattmann<br>2. Raphael Thiele\u00a0\u00a0\u00a0\u00a0\u00a0\u00a0\u00a0\u00a0\u00a0\u00a0\u00a0\u00a0\u00a0\u00a0<br>3. Lewis Bamberger\u00a0\u00a0\u00a0\u00a0\u00a0\u00a0\u00a0\u00a0\u00a0\u00a0\u00a0<\/p>\n\n\n\n<p><strong>M\u00e4dchen U12<\/strong><br>1. Suri Lattmann\u00a0\u00a0\u00a0\u00a0\u00a0\u00a0\u00a0\u00a0\u00a0\u00a0\u00a0\u00a0\u00a0\u00a0\u00a0\u00a0\u00a0<\/p>\n\n\n\n<p><strong>Jungen U12<\/strong><br>1. Linus Horlacher<\/p>\n\n\n\n<p><strong>M\u00e4dchen U14<\/strong><\/p>\n\n\n\n<p>1. Lina Langer<\/p>\n\n\n\n<p>2. Caroline G\u00fcnther&nbsp;&nbsp;&nbsp;&nbsp;&nbsp;&nbsp;&nbsp;&nbsp;&nbsp;&nbsp;&nbsp;<\/p>\n\n\n\n<p><strong>Jungen U14<\/strong><\/p>\n\n\n\n<p>1. Paul Gl\u00f6ckler<\/p>\n\n\n\n<p>2. Ole Buchholz<\/p>\n\n\n\n<p>3. Thore Ruschinczik<\/p>\n\n\n\n<p><strong>M\u00e4dchen U16<\/strong><br>1. Charlotte Hansmann\u00a0\u00a0\u00a0\u00a0\u00a0Laufzeit: 40,54<\/p>\n\n\n\n<p><strong>Jungen U16<\/strong><br>1. Justus Horlacher\u00a0\u00a0\u00a0\u00a0\u00a0\u00a0\u00a0\u00a0\u00a0\u00a0\u00a0\u00a0Laufzeit: 40,13<br>2. Noah Rabe\u00a0\u00a0\u00a0\u00a0\u00a0\u00a0\u00a0\u00a0\u00a0\u00a0\u00a0\u00a0\u00a0\u00a0\u00a0\u00a0\u00a0\u00a0\u00a0\u00a0\u00a0<\/p>\n\n\n\n<p><strong>Jungen U18<\/strong><br>1. Noah Adam<\/p>\n\n\n\n<p><strong>Herren\u00a0<\/strong><br>1. J\u00f6rg Horlacher\u00a0\u00a0\u00a0<\/p>\n\n\n\n<p>Spannend ging es zu in der Altersgruppe Jungen U14. W\u00e4hrend sonst Ole Buchholz die schnelleren Zeiten fuhr, gewann am Donnerstag Paul Gl\u00f6ckler. Beide waren erst in der Nacht vom Winterfinale \u201eJugend trainiert f\u00fcr Olympia\u201c aus dem Allg\u00e4u nach Hause gekommen.<\/p>\n\n\n\n<p>Die Bestzeit aller Klassen fuhr Justus Horlacher, dicht gefolgt von Charlotte Hansmann.&nbsp;<\/p>\n\n\n\n<p>F\u00fcr die Siegerehrung hatte das WSV-Alpin-Team eine besondere \u00dcberraschung. Mit der letzten Sesselliftfahrt fuhren alle Kinder, Trainer und einige Eltern auf den Gipfel und kehrten in die Wurmberg-Alm ein. Dort gab es im Rahmen der Siegerehrung die verdienten Medaillen. Nach einem geselligen Abendbrot freuten sich alle auf die gemeinsame anstehende Talabfahrt im D\u00e4mmerlicht. Dank der Hilfe und Unterst\u00fctzung von vielen Eltern und vor allem dem Team der Wurmbergseilbahn war es eine erlebnisreiche und gelungene Vereinsmeisterschaft.<\/p>\n\n\n\n<figure class=\"wp-block-gallery has-nested-images columns-default is-cropped wp-block-gallery-1 is-layout-flex wp-block-gallery-is-layout-flex\">\n<figure class=\"wp-block-image size-large\"><img loading=\"lazy\" decoding=\"async\" width=\"1600\" height=\"900\" data-id=\"4626\" src=\"https:\/\/nsv-ski.de\/wp-content\/uploads\/2025\/02\/VM_WSV_BRL2.jpg\" alt=\"\" class=\"wp-image-4626\" srcset=\"https:\/\/nsv-ski.de\/wp-content\/uploads\/2025\/02\/VM_WSV_BRL2.jpg 1600w, https:\/\/nsv-ski.de\/wp-content\/uploads\/2025\/02\/VM_WSV_BRL2-300x169.jpg 300w, https:\/\/nsv-ski.de\/wp-content\/uploads\/2025\/02\/VM_WSV_BRL2-768x432.jpg 768w, https:\/\/nsv-ski.de\/wp-content\/uploads\/2025\/02\/VM_WSV_BRL2-1536x864.jpg 1536w\" sizes=\"auto, (max-width: 1600px) 100vw, 1600px\" \/><\/figure>\n\n\n\n<figure class=\"wp-block-image size-large\"><img loading=\"lazy\" decoding=\"async\" width=\"823\" height=\"461\" data-id=\"4627\" src=\"https:\/\/nsv-ski.de\/wp-content\/uploads\/2025\/02\/VM_WSV_BRL.jpg\" alt=\"\" class=\"wp-image-4627\" srcset=\"https:\/\/nsv-ski.de\/wp-content\/uploads\/2025\/02\/VM_WSV_BRL.jpg 823w, https:\/\/nsv-ski.de\/wp-content\/uploads\/2025\/02\/VM_WSV_BRL-300x168.jpg 300w, https:\/\/nsv-ski.de\/wp-content\/uploads\/2025\/02\/VM_WSV_BRL-768x430.jpg 768w\" sizes=\"auto, (max-width: 823px) 100vw, 823px\" \/><\/figure>\n<\/figure>\n","protected":false},"excerpt":{"rendered":"<p>Am Donnerstag, den 20.02.2025 veranstaltete der Wintersportverein Braunlage eine Vereinsmeisterschaft auf dem Hexenritt. Bei besten Pistenverh\u00e4ltnissen steckten die Trainer einen Kurs mit wechselnden Radien. Bei der Kursbesichtigung zeigten die erfahrenen Rennl\u00e4ufer wie Charlotte Hansmann und Justus Horlacher den \u201eKleinen\u201c, wie sie am schnellsten um die Kippstangen fahren und erkl\u00e4rten ihnen die Vertikale.&nbsp; Einige Kinder haben [&hellip;]<\/p>\n","protected":false},"author":1,"featured_media":4628,"comment_status":"open","ping_status":"closed","sticky":false,"template":"","format":"standard","meta":{"footnotes":""},"categories":[5,24,12],"tags":[],"coauthors":[18],"class_list":["post-4625","post","type-post","status-publish","format-standard","has-post-thumbnail","hentry","category-alpin","category-aus-den-vereinen","category-presse"],"_links":{"self":[{"href":"https:\/\/nsv-ski.de\/index.php?rest_route=\/wp\/v2\/posts\/4625","targetHints":{"allow":["GET"]}}],"collection":[{"href":"https:\/\/nsv-ski.de\/index.php?rest_route=\/wp\/v2\/posts"}],"about":[{"href":"https:\/\/nsv-ski.de\/index.php?rest_route=\/wp\/v2\/types\/post"}],"author":[{"embeddable":true,"href":"https:\/\/nsv-ski.de\/index.php?rest_route=\/wp\/v2\/users\/1"}],"replies":[{"embeddable":true,"href":"https:\/\/nsv-ski.de\/index.php?rest_route=%2Fwp%2Fv2%2Fcomments&post=4625"}],"version-history":[{"count":1,"href":"https:\/\/nsv-ski.de\/index.php?rest_route=\/wp\/v2\/posts\/4625\/revisions"}],"predecessor-version":[{"id":4629,"href":"https:\/\/nsv-ski.de\/index.php?rest_route=\/wp\/v2\/posts\/4625\/revisions\/4629"}],"wp:featuredmedia":[{"embeddable":true,"href":"https:\/\/nsv-ski.de\/index.php?rest_route=\/wp\/v2\/media\/4628"}],"wp:attachment":[{"href":"https:\/\/nsv-ski.de\/index.php?rest_route=%2Fwp%2Fv2%2Fmedia&parent=4625"}],"wp:term":[{"taxonomy":"category","embeddable":true,"href":"https:\/\/nsv-ski.de\/index.php?rest_route=%2Fwp%2Fv2%2Fcategories&post=4625"},{"taxonomy":"post_tag","embeddable":true,"href":"https:\/\/nsv-ski.de\/index.php?rest_route=%2Fwp%2Fv2%2Ftags&post=4625"},{"taxonomy":"author","embeddable":true,"href":"https:\/\/nsv-ski.de\/index.php?rest_route=%2Fwp%2Fv2%2Fcoauthors&post=4625"}],"curies":[{"name":"wp","href":"https:\/\/api.w.org\/{rel}","templated":true}]}}